{"id":1869,"date":"2020-01-08T15:59:17","date_gmt":"2020-01-08T15:59:17","guid":{"rendered":"https:\/\/sb.weboo.org\/public\/test-sema\/?p=1869"},"modified":"2020-02-17T19:13:54","modified_gmt":"2020-02-17T19:13:54","slug":"simpliquer-localement","status":"publish","type":"post","link":"https:\/\/sb.weboo.org\/public\/test-sema\/blog\/2020\/01\/08\/simpliquer-localement\/","title":{"rendered":"S&rsquo;impliquer localement"},"content":{"rendered":"\n<p>\u00ab\u00a0Agir local, penser local\u00a0\u00bb, ce slogan de Ren\u00e9 Dubos n&rsquo;est pas toujours simple \u00e0 mettre en oeuvre. Pour les Cycles S\u00e9maphore, il s&rsquo;agit d&rsquo;une sorte de priorit\u00e9 qui nous engage dans nos actions dans et autour de l&rsquo;atelier.<\/p>\n\n\n\n<p>L&rsquo;installation de l&rsquo;atelier \u00e0 Riom, n&rsquo;est pas due au hasard. La ville a \u00e9t\u00e9 cibl\u00e9e pour sa qualit\u00e9 de vie, sa proximit\u00e9 avec de grands espaces naturels (Cha\u00eene des Puys, bords d&rsquo;Allier&#8230;), et pour son emplacement et ses liaisons simples (si, si !) en train vers Clermont-Ferrand, Paris ou Lyon. <\/p>\n\n\n\n<div class=\"wp-block-image\"><figure class=\"aligncenter size-large\"><img loading=\"lazy\" width=\"1024\" height=\"768\" src=\"https:\/\/sb.weboo.org\/public\/test-sema\/wp-content\/uploads\/2020\/02\/chaine-des-puys-1024x768.jpg\" alt=\"\" class=\"wp-image-1905\" srcset=\"https:\/\/sb.weboo.org\/public\/test-sema\/wp-content\/uploads\/2020\/02\/chaine-des-puys-1024x768.jpg 1024w, https:\/\/sb.weboo.org\/public\/test-sema\/wp-content\/uploads\/2020\/02\/chaine-des-puys-300x225.jpg 300w, https:\/\/sb.weboo.org\/public\/test-sema\/wp-content\/uploads\/2020\/02\/chaine-des-puys-768x576.jpg 768w, https:\/\/sb.weboo.org\/public\/test-sema\/wp-content\/uploads\/2020\/02\/chaine-des-puys-1536x1152.jpg 1536w, https:\/\/sb.weboo.org\/public\/test-sema\/wp-content\/uploads\/2020\/02\/chaine-des-puys-2048x1536.jpg 2048w, https:\/\/sb.weboo.org\/public\/test-sema\/wp-content\/uploads\/2020\/02\/chaine-des-puys-1440x1080.jpg 1440w\" sizes=\"(max-width: 1024px) 100vw, 1024px\" \/><\/figure><\/div>\n\n\n\n<p>Cela induit, pour nous, de s&rsquo;inclure dans un contexte local important : Riom est \u00e0 la fois un bourg dynamique, un centre-ville proche d&rsquo;une m\u00e9tropole r\u00e9gionale, et aussi une ville moyenne (19 000 habitants au dernier recensement), y installer un atelier artisanal est un vrai choix. Au quotidien, cela nous permet de travailler en proximit\u00e9 avec de nombreux fournisseurs (peintre, usineurs, industriels&#8230;), de consommer local.<\/p>\n\n\n\n<p>A Riom, la pratique du v\u00e9lo n&rsquo;est pas r\u00e9pandue de la m\u00eame mani\u00e8re que dans de grandes agglom\u00e9rations, et cela nous invite \u00e0 participer au d\u00e9veloppement de la pratique cyclable en \u00e9tant le plus proche possible des r\u00e9alit\u00e9s des (futurs) utilisateurs de v\u00e9los. Cela nous encourage aussi \u00e0 adapter nos activit\u00e9s et \u00e0 proposer en plus de la fabrication de v\u00e9los rallong\u00e9s, <a href=\"https:\/\/sb.weboo.org\/public\/test-sema\/atelier-velo-riom\/\">de la r\u00e9paration, du montage de v\u00e9los \u00e0 la carte<\/a> et du <a href=\"https:\/\/sb.weboo.org\/public\/test-sema\/formation-mobilite\/\">conseil en mobilit\u00e9<\/a>.<\/p>\n\n\n\n<p>Riom est riche de ses atouts (<a href=\"https:\/\/vpah-auvergne-rhone-alpes.fr\/vpah\/le-pays-d%E2%80%99art-et-d%E2%80%99histoire-de-riom\">patrimoine historique<\/a>, <a href=\"https:\/\/www.terravolcana.com\/2019\/10\/30\/biennale-riom-ville-dartisans\/\">ville d&rsquo;artisans<\/a>&#8230;) et les Cycles S\u00e9maphore ont \u00e9t\u00e9 tr\u00e8s bien accueillis : un soutien lors de notre campagne <a href=\"https:\/\/fr.ulule.com\/semaphore-cycles\/\">Ulule <\/a>( 15% des contributeurs \u00e9taient riomois), un accompagnement en proximit\u00e9 par la communaut\u00e9 de communes, des <a href=\"https:\/\/sb.weboo.org\/public\/test-sema\/wp-content\/uploads\/2019\/05\/100-Riom.pdf\">articles<\/a> dans la <a href=\"https:\/\/www.lamontagne.fr\/riom\/vie-pratique-consommation\/2018\/04\/17\/samuel-raveneau-concepteur-d-un-velo-du-quotidien-made-in-riom_12815340.html\">presse locale<\/a>, et surtout de nombreux clients qui nous font confiance depuis le d\u00e9marrage de nos activit\u00e9s.<\/p>\n\n\n\n<p>Il nous revient donc de participer \u00e0 la dynamique locale, et c&rsquo;est ce que nous sommes heureux de faire, en acceptant <a href=\"https:\/\/doume.org\/\">la Doume<\/a> (monnaie locale en Auvergne) comme mode de paiement, en \u00e9tant pr\u00e9sent (et tout sourire) quand la mairie nous invite \u00e0 participer \u00e0 un village v\u00e9lo lors de l&rsquo;<a href=\"https:\/\/www.lamontagne.fr\/riom-63200\/sports\/comment-riom-se-prepare-a-accueillir-le-criterium-du-dauphine_13579064\/\">accueil du crit\u00e9rium du Dauphin\u00e9 en juin 2019<\/a>. <\/p>\n\n\n\n<p>Nous pr\u00e9voyons de continuer de cette mani\u00e8re, car nous aimons travailler ainsi, en lien avec notre environnement local. Et puis, les perspectives d&rsquo;avenir sont chouettes, depuis d\u00e9cembre 2019, nous participons, sur invitation de la communaut\u00e9 de communes Riom Limagne et Volcans, \u00e0 des ateliers pour d\u00e9finir un nouveau sch\u00e9ma cyclable, et nous avons h\u00e2te de voir mises en oeuvre ces propositions !<\/p>\n\n\n\n<div class=\"wp-block-image\"><figure class=\"aligncenter size-large\"><img loading=\"lazy\" width=\"768\" height=\"1024\" src=\"https:\/\/sb.weboo.org\/public\/test-sema\/wp-content\/uploads\/2020\/02\/carte-v\u00e9lo-futur-riom-768x1024.jpg\" alt=\"\" class=\"wp-image-1904\" srcset=\"https:\/\/sb.weboo.org\/public\/test-sema\/wp-content\/uploads\/2020\/02\/carte-v\u00e9lo-futur-riom-768x1024.jpg 768w, https:\/\/sb.weboo.org\/public\/test-sema\/wp-content\/uploads\/2020\/02\/carte-v\u00e9lo-futur-riom-225x300.jpg 225w, https:\/\/sb.weboo.org\/public\/test-sema\/wp-content\/uploads\/2020\/02\/carte-v\u00e9lo-futur-riom-1152x1536.jpg 1152w, https:\/\/sb.weboo.org\/public\/test-sema\/wp-content\/uploads\/2020\/02\/carte-v\u00e9lo-futur-riom-1536x2048.jpg 1536w, https:\/\/sb.weboo.org\/public\/test-sema\/wp-content\/uploads\/2020\/02\/carte-v\u00e9lo-futur-riom-1024x1365.jpg 1024w, https:\/\/sb.weboo.org\/public\/test-sema\/wp-content\/uploads\/2020\/02\/carte-v\u00e9lo-futur-riom-810x1080.jpg 810w, https:\/\/sb.weboo.org\/public\/test-sema\/wp-content\/uploads\/2020\/02\/carte-v\u00e9lo-futur-riom.jpg 1920w\" sizes=\"(max-width: 768px) 100vw, 768px\" \/><\/figure><\/div>\n","protected":false},"excerpt":{"rendered":"<p>\u00ab\u00a0Agir local, penser local\u00a0\u00bb, ce slogan de Ren\u00e9 Dubos n&rsquo;est pas toujours simple \u00e0 mettre en oeuvre. Pour les Cycles S\u00e9maphore, il s&rsquo;agit d&rsquo;une sorte de priorit\u00e9 qui nous engage dans nos actions dans et autour de l&rsquo;atelier. L&rsquo;installation de l&rsquo;atelier \u00e0 Riom, n&rsquo;est pas due au hasard. La ville a \u00e9t\u00e9 cibl\u00e9e pour sa&hellip; <br \/> <a class=\"button small blue\" href=\"https:\/\/sb.weboo.org\/public\/test-sema\/blog\/2020\/01\/08\/simpliquer-localement\/\">Lire la suite<\/a><\/p>\n","protected":false},"author":1,"featured_media":0,"comment_status":"closed","ping_status":"open","sticky":false,"template":"","format":"standard","meta":[],"categories":[20,18],"tags":[],"yoast_head":"<!-- This site is optimized with the Yoast SEO plugin v19.9 - https:\/\/yoast.com\/wordpress\/plugins\/seo\/ -->\n<title>S&#039;impliquer localement - Cycles Semaphore<\/title>\n<meta name=\"robots\" content=\"index, follow, max-snippet:-1, max-image-preview:large, max-video-preview:-1\" \/>\n<link rel=\"canonical\" href=\"https:\/\/sb.weboo.org\/public\/test-sema\/blog\/2020\/01\/08\/simpliquer-localement\/\" \/>\n<meta property=\"og:locale\" content=\"fr_FR\" \/>\n<meta property=\"og:type\" content=\"article\" \/>\n<meta property=\"og:title\" content=\"S&#039;impliquer localement - Cycles Semaphore\" \/>\n<meta property=\"og:description\" content=\"\u00ab\u00a0Agir local, penser local\u00a0\u00bb, ce slogan de Ren\u00e9 Dubos n&rsquo;est pas toujours simple \u00e0 mettre en oeuvre. Pour les Cycles S\u00e9maphore, il s&rsquo;agit d&rsquo;une sorte de priorit\u00e9 qui nous engage dans nos actions dans et autour de l&rsquo;atelier. L&rsquo;installation de l&rsquo;atelier \u00e0 Riom, n&rsquo;est pas due au hasard. La ville a \u00e9t\u00e9 cibl\u00e9e pour sa&hellip; Lire la suite\" \/>\n<meta property=\"og:url\" content=\"https:\/\/sb.weboo.org\/public\/test-sema\/blog\/2020\/01\/08\/simpliquer-localement\/\" \/>\n<meta property=\"og:site_name\" content=\"Cycles Semaphore\" \/>\n<meta property=\"article:publisher\" content=\"https:\/\/www.facebook.com\/cycles.semaphore\/\" \/>\n<meta property=\"article:published_time\" content=\"2020-01-08T15:59:17+00:00\" \/>\n<meta property=\"article:modified_time\" content=\"2020-02-17T19:13:54+00:00\" \/>\n<meta property=\"og:image\" content=\"https:\/\/sb.weboo.org\/public\/test-sema\/wp-content\/uploads\/2020\/02\/chaine-des-puys-1024x768.jpg\" \/>\n<meta name=\"author\" content=\"Samuel\" \/>\n<meta name=\"twitter:card\" content=\"summary_large_image\" \/>\n<meta name=\"twitter:label1\" content=\"\u00c9crit par\" \/>\n\t<meta name=\"twitter:data1\" content=\"Samuel\" \/>\n\t<meta name=\"twitter:label2\" content=\"Dur\u00e9e de lecture estim\u00e9e\" \/>\n\t<meta name=\"twitter:data2\" content=\"2 minutes\" \/>\n<script type=\"application\/ld+json\" class=\"yoast-schema-graph\">{\"@context\":\"https:\/\/schema.org\",\"@graph\":[{\"@type\":\"Article\",\"@id\":\"https:\/\/sb.weboo.org\/public\/test-sema\/blog\/2020\/01\/08\/simpliquer-localement\/#article\",\"isPartOf\":{\"@id\":\"https:\/\/sb.weboo.org\/public\/test-sema\/blog\/2020\/01\/08\/simpliquer-localement\/\"},\"author\":{\"name\":\"Samuel\",\"@id\":\"https:\/\/sb.weboo.org\/public\/test-sema\/#\/schema\/person\/b1fe113f0e8bcb3910428dfb06373d7b\"},\"headline\":\"S&rsquo;impliquer localement\",\"datePublished\":\"2020-01-08T15:59:17+00:00\",\"dateModified\":\"2020-02-17T19:13:54+00:00\",\"mainEntityOfPage\":{\"@id\":\"https:\/\/sb.weboo.org\/public\/test-sema\/blog\/2020\/01\/08\/simpliquer-localement\/\"},\"wordCount\":442,\"publisher\":{\"@id\":\"https:\/\/sb.weboo.org\/public\/test-sema\/#organization\"},\"articleSection\":[\"Ecologie\",\"Riom\/Auvergne\"],\"inLanguage\":\"fr-FR\"},{\"@type\":\"WebPage\",\"@id\":\"https:\/\/sb.weboo.org\/public\/test-sema\/blog\/2020\/01\/08\/simpliquer-localement\/\",\"url\":\"https:\/\/sb.weboo.org\/public\/test-sema\/blog\/2020\/01\/08\/simpliquer-localement\/\",\"name\":\"S'impliquer localement - Cycles Semaphore\",\"isPartOf\":{\"@id\":\"https:\/\/sb.weboo.org\/public\/test-sema\/#website\"},\"datePublished\":\"2020-01-08T15:59:17+00:00\",\"dateModified\":\"2020-02-17T19:13:54+00:00\",\"breadcrumb\":{\"@id\":\"https:\/\/sb.weboo.org\/public\/test-sema\/blog\/2020\/01\/08\/simpliquer-localement\/#breadcrumb\"},\"inLanguage\":\"fr-FR\",\"potentialAction\":[{\"@type\":\"ReadAction\",\"target\":[\"https:\/\/sb.weboo.org\/public\/test-sema\/blog\/2020\/01\/08\/simpliquer-localement\/\"]}]},{\"@type\":\"BreadcrumbList\",\"@id\":\"https:\/\/sb.weboo.org\/public\/test-sema\/blog\/2020\/01\/08\/simpliquer-localement\/#breadcrumb\",\"itemListElement\":[{\"@type\":\"ListItem\",\"position\":1,\"name\":\"Accueil\",\"item\":\"https:\/\/sb.weboo.org\/public\/test-sema\/\"},{\"@type\":\"ListItem\",\"position\":2,\"name\":\"S&rsquo;impliquer localement\"}]},{\"@type\":\"WebSite\",\"@id\":\"https:\/\/sb.weboo.org\/public\/test-sema\/#website\",\"url\":\"https:\/\/sb.weboo.org\/public\/test-sema\/\",\"name\":\"Cycles Semaphore\",\"description\":\"Le v\u00e9lo pour transformer le quotidien\",\"publisher\":{\"@id\":\"https:\/\/sb.weboo.org\/public\/test-sema\/#organization\"},\"potentialAction\":[{\"@type\":\"SearchAction\",\"target\":{\"@type\":\"EntryPoint\",\"urlTemplate\":\"https:\/\/sb.weboo.org\/public\/test-sema\/?s={search_term_string}\"},\"query-input\":\"required name=search_term_string\"}],\"inLanguage\":\"fr-FR\"},{\"@type\":\"Organization\",\"@id\":\"https:\/\/sb.weboo.org\/public\/test-sema\/#organization\",\"name\":\"Cycles Semaphore\",\"url\":\"https:\/\/sb.weboo.org\/public\/test-sema\/\",\"logo\":{\"@type\":\"ImageObject\",\"inLanguage\":\"fr-FR\",\"@id\":\"https:\/\/sb.weboo.org\/public\/test-sema\/#\/schema\/logo\/image\/\",\"url\":\"https:\/\/sb.weboo.org\/public\/test-sema\/wp-content\/uploads\/2020\/05\/CycleSemaphore_autocollant_blanc_35mm.png\",\"contentUrl\":\"https:\/\/sb.weboo.org\/public\/test-sema\/wp-content\/uploads\/2020\/05\/CycleSemaphore_autocollant_blanc_35mm.png\",\"width\":413,\"height\":413,\"caption\":\"Cycles Semaphore\"},\"image\":{\"@id\":\"https:\/\/sb.weboo.org\/public\/test-sema\/#\/schema\/logo\/image\/\"},\"sameAs\":[\"https:\/\/www.instagram.com\/cyclessemaphore\/\",\"https:\/\/www.youtube.com\/channel\/UCw3r2wCWj3eq9wPQHH-U7UA\",\"https:\/\/www.facebook.com\/cycles.semaphore\/\"]},{\"@type\":\"Person\",\"@id\":\"https:\/\/sb.weboo.org\/public\/test-sema\/#\/schema\/person\/b1fe113f0e8bcb3910428dfb06373d7b\",\"name\":\"Samuel\",\"image\":{\"@type\":\"ImageObject\",\"inLanguage\":\"fr-FR\",\"@id\":\"https:\/\/sb.weboo.org\/public\/test-sema\/#\/schema\/person\/image\/\",\"url\":\"https:\/\/secure.gravatar.com\/avatar\/6369671d5952ca23501fc9b9edee3da9?s=96&d=mm&r=g\",\"contentUrl\":\"https:\/\/secure.gravatar.com\/avatar\/6369671d5952ca23501fc9b9edee3da9?s=96&d=mm&r=g\",\"caption\":\"Samuel\"},\"url\":\"https:\/\/sb.weboo.org\/public\/test-sema\/blog\/author\/hc2dqee5\/\"}]}<\/script>\n<!-- \/ Yoast SEO plugin. -->","yoast_head_json":{"title":"S'impliquer localement - Cycles Semaphore","robots":{"index":"index","follow":"follow","max-snippet":"max-snippet:-1","max-image-preview":"max-image-preview:large","max-video-preview":"max-video-preview:-1"},"canonical":"https:\/\/sb.weboo.org\/public\/test-sema\/blog\/2020\/01\/08\/simpliquer-localement\/","og_locale":"fr_FR","og_type":"article","og_title":"S'impliquer localement - Cycles Semaphore","og_description":"\u00ab\u00a0Agir local, penser local\u00a0\u00bb, ce slogan de Ren\u00e9 Dubos n&rsquo;est pas toujours simple \u00e0 mettre en oeuvre. Pour les Cycles S\u00e9maphore, il s&rsquo;agit d&rsquo;une sorte de priorit\u00e9 qui nous engage dans nos actions dans et autour de l&rsquo;atelier. L&rsquo;installation de l&rsquo;atelier \u00e0 Riom, n&rsquo;est pas due au hasard. La ville a \u00e9t\u00e9 cibl\u00e9e pour sa&hellip; Lire la suite","og_url":"https:\/\/sb.weboo.org\/public\/test-sema\/blog\/2020\/01\/08\/simpliquer-localement\/","og_site_name":"Cycles Semaphore","article_publisher":"https:\/\/www.facebook.com\/cycles.semaphore\/","article_published_time":"2020-01-08T15:59:17+00:00","article_modified_time":"2020-02-17T19:13:54+00:00","og_image":[{"url":"https:\/\/sb.weboo.org\/public\/test-sema\/wp-content\/uploads\/2020\/02\/chaine-des-puys-1024x768.jpg"}],"author":"Samuel","twitter_card":"summary_large_image","twitter_misc":{"\u00c9crit par":"Samuel","Dur\u00e9e de lecture estim\u00e9e":"2 minutes"},"schema":{"@context":"https:\/\/schema.org","@graph":[{"@type":"Article","@id":"https:\/\/sb.weboo.org\/public\/test-sema\/blog\/2020\/01\/08\/simpliquer-localement\/#article","isPartOf":{"@id":"https:\/\/sb.weboo.org\/public\/test-sema\/blog\/2020\/01\/08\/simpliquer-localement\/"},"author":{"name":"Samuel","@id":"https:\/\/sb.weboo.org\/public\/test-sema\/#\/schema\/person\/b1fe113f0e8bcb3910428dfb06373d7b"},"headline":"S&rsquo;impliquer localement","datePublished":"2020-01-08T15:59:17+00:00","dateModified":"2020-02-17T19:13:54+00:00","mainEntityOfPage":{"@id":"https:\/\/sb.weboo.org\/public\/test-sema\/blog\/2020\/01\/08\/simpliquer-localement\/"},"wordCount":442,"publisher":{"@id":"https:\/\/sb.weboo.org\/public\/test-sema\/#organization"},"articleSection":["Ecologie","Riom\/Auvergne"],"inLanguage":"fr-FR"},{"@type":"WebPage","@id":"https:\/\/sb.weboo.org\/public\/test-sema\/blog\/2020\/01\/08\/simpliquer-localement\/","url":"https:\/\/sb.weboo.org\/public\/test-sema\/blog\/2020\/01\/08\/simpliquer-localement\/","name":"S'impliquer localement - Cycles Semaphore","isPartOf":{"@id":"https:\/\/sb.weboo.org\/public\/test-sema\/#website"},"datePublished":"2020-01-08T15:59:17+00:00","dateModified":"2020-02-17T19:13:54+00:00","breadcrumb":{"@id":"https:\/\/sb.weboo.org\/public\/test-sema\/blog\/2020\/01\/08\/simpliquer-localement\/#breadcrumb"},"inLanguage":"fr-FR","potentialAction":[{"@type":"ReadAction","target":["https:\/\/sb.weboo.org\/public\/test-sema\/blog\/2020\/01\/08\/simpliquer-localement\/"]}]},{"@type":"BreadcrumbList","@id":"https:\/\/sb.weboo.org\/public\/test-sema\/blog\/2020\/01\/08\/simpliquer-localement\/#breadcrumb","itemListElement":[{"@type":"ListItem","position":1,"name":"Accueil","item":"https:\/\/sb.weboo.org\/public\/test-sema\/"},{"@type":"ListItem","position":2,"name":"S&rsquo;impliquer localement"}]},{"@type":"WebSite","@id":"https:\/\/sb.weboo.org\/public\/test-sema\/#website","url":"https:\/\/sb.weboo.org\/public\/test-sema\/","name":"Cycles Semaphore","description":"Le v\u00e9lo pour transformer le quotidien","publisher":{"@id":"https:\/\/sb.weboo.org\/public\/test-sema\/#organization"},"potentialAction":[{"@type":"SearchAction","target":{"@type":"EntryPoint","urlTemplate":"https:\/\/sb.weboo.org\/public\/test-sema\/?s={search_term_string}"},"query-input":"required name=search_term_string"}],"inLanguage":"fr-FR"},{"@type":"Organization","@id":"https:\/\/sb.weboo.org\/public\/test-sema\/#organization","name":"Cycles Semaphore","url":"https:\/\/sb.weboo.org\/public\/test-sema\/","logo":{"@type":"ImageObject","inLanguage":"fr-FR","@id":"https:\/\/sb.weboo.org\/public\/test-sema\/#\/schema\/logo\/image\/","url":"https:\/\/sb.weboo.org\/public\/test-sema\/wp-content\/uploads\/2020\/05\/CycleSemaphore_autocollant_blanc_35mm.png","contentUrl":"https:\/\/sb.weboo.org\/public\/test-sema\/wp-content\/uploads\/2020\/05\/CycleSemaphore_autocollant_blanc_35mm.png","width":413,"height":413,"caption":"Cycles Semaphore"},"image":{"@id":"https:\/\/sb.weboo.org\/public\/test-sema\/#\/schema\/logo\/image\/"},"sameAs":["https:\/\/www.instagram.com\/cyclessemaphore\/","https:\/\/www.youtube.com\/channel\/UCw3r2wCWj3eq9wPQHH-U7UA","https:\/\/www.facebook.com\/cycles.semaphore\/"]},{"@type":"Person","@id":"https:\/\/sb.weboo.org\/public\/test-sema\/#\/schema\/person\/b1fe113f0e8bcb3910428dfb06373d7b","name":"Samuel","image":{"@type":"ImageObject","inLanguage":"fr-FR","@id":"https:\/\/sb.weboo.org\/public\/test-sema\/#\/schema\/person\/image\/","url":"https:\/\/secure.gravatar.com\/avatar\/6369671d5952ca23501fc9b9edee3da9?s=96&d=mm&r=g","contentUrl":"https:\/\/secure.gravatar.com\/avatar\/6369671d5952ca23501fc9b9edee3da9?s=96&d=mm&r=g","caption":"Samuel"},"url":"https:\/\/sb.weboo.org\/public\/test-sema\/blog\/author\/hc2dqee5\/"}]}},"_links":{"self":[{"href":"https:\/\/sb.weboo.org\/public\/test-sema\/wp-json\/wp\/v2\/posts\/1869"}],"collection":[{"href":"https:\/\/sb.weboo.org\/public\/test-sema\/wp-json\/wp\/v2\/posts"}],"about":[{"href":"https:\/\/sb.weboo.org\/public\/test-sema\/wp-json\/wp\/v2\/types\/post"}],"author":[{"embeddable":true,"href":"https:\/\/sb.weboo.org\/public\/test-sema\/wp-json\/wp\/v2\/users\/1"}],"replies":[{"embeddable":true,"href":"https:\/\/sb.weboo.org\/public\/test-sema\/wp-json\/wp\/v2\/comments?post=1869"}],"version-history":[{"count":10,"href":"https:\/\/sb.weboo.org\/public\/test-sema\/wp-json\/wp\/v2\/posts\/1869\/revisions"}],"predecessor-version":[{"id":1907,"href":"https:\/\/sb.weboo.org\/public\/test-sema\/wp-json\/wp\/v2\/posts\/1869\/revisions\/1907"}],"wp:attachment":[{"href":"https:\/\/sb.weboo.org\/public\/test-sema\/wp-json\/wp\/v2\/media?parent=1869"}],"wp:term":[{"taxonomy":"category","embeddable":true,"href":"https:\/\/sb.weboo.org\/public\/test-sema\/wp-json\/wp\/v2\/categories?post=1869"},{"taxonomy":"post_tag","embeddable":true,"href":"https:\/\/sb.weboo.org\/public\/test-sema\/wp-json\/wp\/v2\/tags?post=1869"}],"curies":[{"name":"wp","href":"https:\/\/api.w.org\/{rel}","templated":true}]}}